{"id":381,"date":"2021-05-02T02:37:30","date_gmt":"2021-05-02T02:37:30","guid":{"rendered":"https:\/\/investigacion.politicas.unam.mx\/discapacidadyuniversidad\/?p=381"},"modified":"2021-05-21T20:07:18","modified_gmt":"2021-05-21T20:07:18","slug":"discapacidad-y-universidad-panorama-sobre-docencia-investigacion-y-gestion-de-las-necesidades-de-estudiantes-con-discapacidad-actores-estrategias-redes-y-politicas","status":"publish","type":"post","link":"https:\/\/investigacion.politicas.unam.mx\/discapacidadyuniversidad\/index.php\/2021\/05\/02\/discapacidad-y-universidad-panorama-sobre-docencia-investigacion-y-gestion-de-las-necesidades-de-estudiantes-con-discapacidad-actores-estrategias-redes-y-politicas\/","title":{"rendered":"Estudio actual:"},"content":{"rendered":"\n<h3 class=\"wp-block-heading\">PAPIIT IA303020 &#8220;Discapacidad y universidad: panorama sobre docencia, investigaci\u00f3n y gesti\u00f3n de las necesidades de estudiantes con discapacidad. Actores, estrategias, redes y pol\u00edticas&#8221;<\/h3>\n\n\n\n<h4 class=\"wp-block-heading\"><a href=\"https:\/\/investigacion.politicas.unam.mx\/discapacidadyuniversidad\/index.php\/descripcion\/\">Descripci\u00f3n <\/a><\/h4>\n\n\n\n<h4 class=\"wp-block-heading\"><a href=\"https:\/\/investigacion.politicas.unam.mx\/discapacidadyuniversidad\/index.php\/objetivos\/\">Objetivos<\/a><\/h4>\n\n\n\n<h4 class=\"wp-block-heading\"><a href=\"https:\/\/investigacion.politicas.unam.mx\/discapacidadyuniversidad\/index.php\/alianzas\/\">Alianzas<\/a><\/h4>\n","protected":false},"excerpt":{"rendered":"<p>PAPIIT IA303020 &#8220;Discapacidad y universidad: panorama sobre docencia, investigaci\u00f3n y gesti\u00f3n de las necesidades de estudiantes con discapacidad. Actores, estrategias, redes y pol\u00edticas&#8221; Descripci\u00f3n Objetivos Alianzas<\/p>\n","protected":false},"author":5,"featured_media":0,"comment_status":"closed","ping_status":"closed","sticky":false,"template":"","format":"standard","meta":{"_bbp_topic_count":0,"_bbp_reply_count":0,"_bbp_total_topic_count":0,"_bbp_total_reply_count":0,"_bbp_voice_count":0,"_bbp_anonymous_reply_count":0,"_bbp_topic_count_hidden":0,"_bbp_reply_count_hidden":0,"_bbp_forum_subforum_count":0,"_monsterinsights_skip_tracking":false,"_monsterinsights_sitenote_active":false,"_monsterinsights_sitenote_note":"","_monsterinsights_sitenote_category":0,"footnotes":""},"categories":[1],"tags":[],"class_list":["post-381","post","type-post","status-publish","format-standard","hentry","category-sin-categoria","entry"],"_links":{"self":[{"href":"https:\/\/investigacion.politicas.unam.mx\/discapacidadyuniversidad\/index.php\/wp-json\/wp\/v2\/posts\/381","targetHints":{"allow":["GET"]}}],"collection":[{"href":"https:\/\/investigacion.politicas.unam.mx\/discapacidadyuniversidad\/index.php\/wp-json\/wp\/v2\/posts"}],"about":[{"href":"https:\/\/investigacion.politicas.unam.mx\/discapacidadyuniversidad\/index.php\/wp-json\/wp\/v2\/types\/post"}],"author":[{"embeddable":true,"href":"https:\/\/investigacion.politicas.unam.mx\/discapacidadyuniversidad\/index.php\/wp-json\/wp\/v2\/users\/5"}],"replies":[{"embeddable":true,"href":"https:\/\/investigacion.politicas.unam.mx\/discapacidadyuniversidad\/index.php\/wp-json\/wp\/v2\/comments?post=381"}],"version-history":[{"count":5,"href":"https:\/\/investigacion.politicas.unam.mx\/discapacidadyuniversidad\/index.php\/wp-json\/wp\/v2\/posts\/381\/revisions"}],"predecessor-version":[{"id":598,"href":"https:\/\/investigacion.politicas.unam.mx\/discapacidadyuniversidad\/index.php\/wp-json\/wp\/v2\/posts\/381\/revisions\/598"}],"wp:attachment":[{"href":"https:\/\/investigacion.politicas.unam.mx\/discapacidadyuniversidad\/index.php\/wp-json\/wp\/v2\/media?parent=381"}],"wp:term":[{"taxonomy":"category","embeddable":true,"href":"https:\/\/investigacion.politicas.unam.mx\/discapacidadyuniversidad\/index.php\/wp-json\/wp\/v2\/categories?post=381"},{"taxonomy":"post_tag","embeddable":true,"href":"https:\/\/investigacion.politicas.unam.mx\/discapacidadyuniversidad\/index.php\/wp-json\/wp\/v2\/tags?post=381"}],"curies":[{"name":"wp","href":"https:\/\/api.w.org\/{rel}","templated":true}]}}